{"id":491,"date":"2020-04-26T08:01:14","date_gmt":"2020-04-26T08:01:14","guid":{"rendered":"http:\/\/knoeppel.ch\/?p=491"},"modified":"2021-02-22T13:35:49","modified_gmt":"2021-02-22T13:35:49","slug":"coronavirus","status":"publish","type":"post","link":"https:\/\/knoeppel.ch\/?p=491","title":{"rendered":"Coronavirus"},"content":{"rendered":"<p>Seit Ende Februar (2020!) sind wir wie alle andern Bands in Corona-Ferien. An dieser Stelle kann ich Euch aber garantieren, dass wir uns vom Virus nicht beeindrucken lassen und unsern gewohnten Probe-Rhythmus beibehalten haben.<\/p>\n<p>Urspr\u00fcnglich war mein Statement zur Krise folgendes:<\/p>\n<p style=\"padding-left: 30px;\"><strong><span style=\"color: #ff0000;\">COVID-19:\u00a0<\/span><\/strong><br \/>\n<span style=\"color: #ff0000;\">Davos und Wil sind bereits abgesagt bzw. verschoben, ich pers\u00f6nlich tippe darauf, dass auch weitere Konzerte gestrichen werden m\u00fcssen, und dass wir Gl\u00fcck brauchen, damit im Herbst schon wieder irgendetwas stattfinden kann.<br \/>\n<\/span><\/p>\n<p style=\"padding-left: 30px;\"><span style=\"color: #ff0000;\"><strong>Ich bin mehr als besorgt \u00fcber das, was in den n\u00e4chsten Tagen mit unserem Gesundheitsystem passieren wird und m\u00f6chte deutlich machen, dass ich das BAG inzwischen f\u00fcr einen Haufen Waschlappen halte, die tats\u00e4chlich die Frechheit besitzen, <a href=\"https:\/\/www.blick.ch\/news\/politik\/bag-koch-ueber-das-zoegerliche-vorgehen-des-bundesrats-warum-zu-schnelles-handeln-nichts-bringt-id15797355.html\">eine komplette Durchseuchung f\u00fcr das einzige realistische Szenario zu halten<\/a>. Euer Job w\u00e4re gewesen, genau das zu vermeiden!<\/strong><\/span><\/p>\n<p style=\"padding-left: 30px;\"><span style=\"color: #ff0000;\">M\u00fcssen wir Wichser halt wieder mal die Kohlen aus dem Feuer holen, deshalb: <strong>Bleibt bitte zuhause<\/strong>, denkt daran, dass die Wirkung der Massnahmen erst mit ca. 12 Tagen Verz\u00f6gerung sichtbar sein wird, und bis dann ist hier die Kacke am dampfen.<\/span><\/p>\n<p style=\"padding-left: 30px;\"><span style=\"color: #339966;\">Wir sollten uns ausserdem daf\u00fcr einsetzen, dass die Fussball-Meisterschaft per sofort beendet wird und einfach der aktuelle Tabellenf\u00fchrer den Titel erh\u00e4lt, egal wer das dann ist.<\/span><\/p>\n<p>Die schlimmsten Bef\u00fcrchtungen sind gottseidank nicht eingetreten (ausser dass YB den FCSG v\u00f6llig \u00fcberraschend noch \u00fcberholt hat), mit der Politik von BR und BAG bin ich allerdings trotzdem wenig zufrieden. Die Schweiz hat recht schnell Rock-Konzerte verboten, was r\u00fcckblickend wohl ein sehr guter Entscheid war, da gerade sowas wie ein Kn\u00f6ppel-Konzert mit seinem undiszipliniert gr\u00f6lenden Publikum ein potenzielles Superspreader-Event w\u00e4re. Ab dann hat man aber immer erstmal abgewartet um nicht vorschnell zu reagieren, was uns zeitweise auf Platz 1 der Rangliste der Infizierten pro 100&#8217;000 Einwohner gebracht hat. Und dass in den Hinterk\u00f6pfen immer noch das Durchseuchungs-Szenario dominiert, einfach weil nie jemand ausgerechnet hat, wie lange das denn dauern w\u00fcrde, bis Opa und Oma wieder rausd\u00fcrfen, das bringt mich immer noch auf die Palme.<\/p>\n<p>So oder so: Bis Punkrock wieder stattfinden kann wird&#8217;s wohl noch ein Weilchen dauern und das ist aus epidemiologischer Sicht sicher auch gut so, die Fussballmeisterschaft macht mir aktuell fast mehr Sorgen.<\/p>\n<p>Bleibt gesund und Hoppsanggale<\/p>\n<p>Midi<\/p>\n","protected":false},"excerpt":{"rendered":"<p>Seit Ende Februar (2020!) sind wir wie alle andern Bands in Corona-Ferien. An dieser Stelle kann ich Euch aber garantieren, dass wir uns vom Virus nicht beeindrucken lassen und unsern gewohnten Probe-Rhythmus beibehalten haben. Urspr\u00fcnglich war mein Statement zur Krise folgendes: COVID-19:\u00a0 Davos und Wil sind bereits abgesagt bzw. verschoben, ich pers\u00f6nlich tippe darauf, dass&hellip;<a href=\"https:\/\/knoeppel.ch\/?p=491\" class=\"button\">Weiterlesen <span class=\"screen-reader-text\">Coronavirus<\/span><\/a><\/p>\n","protected":false},"author":1,"featured_media":0,"comment_status":"closed","ping_status":"open","sticky":false,"template":"","format":"standard","meta":{"jetpack_post_was_ever_published":false,"_jetpack_newsletter_access":"","_jetpack_newsletter_tier_id":0,"footnotes":"","jetpack_publicize_message":"","jetpack_is_tweetstorm":false,"jetpack_publicize_feature_enabled":true,"jetpack_social_post_already_shared":true,"jetpack_social_options":{"image_generator_settings":{"template":"highway","enabled":false}}},"categories":[1],"tags":[],"jetpack_publicize_connections":[],"jetpack_featured_media_url":"","jetpack_sharing_enabled":true,"jetpack_shortlink":"https:\/\/wp.me\/p8nSDI-7V","_links":{"self":[{"href":"https:\/\/knoeppel.ch\/index.php?rest_route=\/wp\/v2\/posts\/491"}],"collection":[{"href":"https:\/\/knoeppel.ch\/index.php?rest_route=\/wp\/v2\/posts"}],"about":[{"href":"https:\/\/knoeppel.ch\/index.php?rest_route=\/wp\/v2\/types\/post"}],"author":[{"embeddable":true,"href":"https:\/\/knoeppel.ch\/index.php?rest_route=\/wp\/v2\/users\/1"}],"replies":[{"embeddable":true,"href":"https:\/\/knoeppel.ch\/index.php?rest_route=%2Fwp%2Fv2%2Fcomments&post=491"}],"version-history":[{"count":3,"href":"https:\/\/knoeppel.ch\/index.php?rest_route=\/wp\/v2\/posts\/491\/revisions"}],"predecessor-version":[{"id":505,"href":"https:\/\/knoeppel.ch\/index.php?rest_route=\/wp\/v2\/posts\/491\/revisions\/505"}],"wp:attachment":[{"href":"https:\/\/knoeppel.ch\/index.php?rest_route=%2Fwp%2Fv2%2Fmedia&parent=491"}],"wp:term":[{"taxonomy":"category","embeddable":true,"href":"https:\/\/knoeppel.ch\/index.php?rest_route=%2Fwp%2Fv2%2Fcategories&post=491"},{"taxonomy":"post_tag","embeddable":true,"href":"https:\/\/knoeppel.ch\/index.php?rest_route=%2Fwp%2Fv2%2Ftags&post=491"}],"curies":[{"name":"wp","href":"https:\/\/api.w.org\/{rel}","templated":true}]}}