{"id":408,"date":"2019-07-06T10:05:56","date_gmt":"2019-07-06T10:05:56","guid":{"rendered":"http:\/\/knoeppel.ch\/?p=408"},"modified":"2019-07-06T10:05:56","modified_gmt":"2019-07-06T10:05:56","slug":"28-06-2019-openair","status":"publish","type":"post","link":"https:\/\/knoeppel.ch\/?p=408","title":{"rendered":"28.06.2019 &#8211; OpenAir"},"content":{"rendered":"<p>Sommer 2019, die drei kleinen Kn\u00f6ppel-Wichser auf der grossen B\u00fchne &#8211; wobei die Bescheidenheit nat\u00fcrlich gek\u00fcnstelt ist, nat\u00fcrlich waren wir geil auf den Auftritt.<\/p>\n<p>&nbsp;<\/p>\n<p><a href=\"http:\/\/knoeppel.ch\/WordPress\/wp-content\/uploads\/2019\/07\/PHOTO-2019-06-28-20-13-06.jpg\"><img loading=\"lazy\" decoding=\"async\" class=\"alignnone size-large wp-image-411\" src=\"http:\/\/knoeppel.ch\/WordPress\/wp-content\/uploads\/2019\/07\/PHOTO-2019-06-28-20-13-06-1024x769.jpg\" alt=\"\" width=\"662\" height=\"497\" srcset=\"https:\/\/knoeppel.ch\/WordPress\/wp-content\/uploads\/2019\/07\/PHOTO-2019-06-28-20-13-06-1024x769.jpg 1024w, https:\/\/knoeppel.ch\/WordPress\/wp-content\/uploads\/2019\/07\/PHOTO-2019-06-28-20-13-06-300x225.jpg 300w, https:\/\/knoeppel.ch\/WordPress\/wp-content\/uploads\/2019\/07\/PHOTO-2019-06-28-20-13-06-768x577.jpg 768w, https:\/\/knoeppel.ch\/WordPress\/wp-content\/uploads\/2019\/07\/PHOTO-2019-06-28-20-13-06-480x360.jpg 480w, https:\/\/knoeppel.ch\/WordPress\/wp-content\/uploads\/2019\/07\/PHOTO-2019-06-28-20-13-06-1216x913.jpg 1216w, https:\/\/knoeppel.ch\/WordPress\/wp-content\/uploads\/2019\/07\/PHOTO-2019-06-28-20-13-06-333x250.jpg 333w, https:\/\/knoeppel.ch\/WordPress\/wp-content\/uploads\/2019\/07\/PHOTO-2019-06-28-20-13-06.jpg 1920w\" sizes=\"(max-width: 662px) 100vw, 662px\" \/><\/a><\/p>\n<p>Die B\u00fchne ist allerdings schon sehr sehr gross&#8230;<\/p>\n<p><a href=\"http:\/\/knoeppel.ch\/WordPress\/wp-content\/uploads\/2019\/07\/PHOTO-2019-06-29-11-22-00.jpg\"><img loading=\"lazy\" decoding=\"async\" class=\"alignnone size-large wp-image-415\" src=\"http:\/\/knoeppel.ch\/WordPress\/wp-content\/uploads\/2019\/07\/PHOTO-2019-06-29-11-22-00-768x1024.jpg\" alt=\"\" width=\"662\" height=\"883\" srcset=\"https:\/\/knoeppel.ch\/WordPress\/wp-content\/uploads\/2019\/07\/PHOTO-2019-06-29-11-22-00-768x1024.jpg 768w, https:\/\/knoeppel.ch\/WordPress\/wp-content\/uploads\/2019\/07\/PHOTO-2019-06-29-11-22-00-225x300.jpg 225w, https:\/\/knoeppel.ch\/WordPress\/wp-content\/uploads\/2019\/07\/PHOTO-2019-06-29-11-22-00-1024x1365.jpg 1024w, https:\/\/knoeppel.ch\/WordPress\/wp-content\/uploads\/2019\/07\/PHOTO-2019-06-29-11-22-00-480x640.jpg 480w, https:\/\/knoeppel.ch\/WordPress\/wp-content\/uploads\/2019\/07\/PHOTO-2019-06-29-11-22-00-1216x1621.jpg 1216w, https:\/\/knoeppel.ch\/WordPress\/wp-content\/uploads\/2019\/07\/PHOTO-2019-06-29-11-22-00-188x250.jpg 188w, https:\/\/knoeppel.ch\/WordPress\/wp-content\/uploads\/2019\/07\/PHOTO-2019-06-29-11-22-00.jpg 1440w\" sizes=\"(max-width: 662px) 100vw, 662px\" \/><\/a><\/p>\n<p>Danke allen Fans f\u00fcr den freundlichen Empfang!<\/p>\n<p><a href=\"http:\/\/knoeppel.ch\/WordPress\/wp-content\/uploads\/2019\/07\/PHOTO-2019-06-28-17-53-05.jpg\"><img loading=\"lazy\" decoding=\"async\" class=\"alignnone size-large wp-image-413\" src=\"http:\/\/knoeppel.ch\/WordPress\/wp-content\/uploads\/2019\/07\/PHOTO-2019-06-28-17-53-05-1024x768.jpg\" alt=\"\" width=\"662\" height=\"497\" srcset=\"https:\/\/knoeppel.ch\/WordPress\/wp-content\/uploads\/2019\/07\/PHOTO-2019-06-28-17-53-05.jpg 1024w, https:\/\/knoeppel.ch\/WordPress\/wp-content\/uploads\/2019\/07\/PHOTO-2019-06-28-17-53-05-300x225.jpg 300w, https:\/\/knoeppel.ch\/WordPress\/wp-content\/uploads\/2019\/07\/PHOTO-2019-06-28-17-53-05-768x576.jpg 768w, https:\/\/knoeppel.ch\/WordPress\/wp-content\/uploads\/2019\/07\/PHOTO-2019-06-28-17-53-05-480x360.jpg 480w, https:\/\/knoeppel.ch\/WordPress\/wp-content\/uploads\/2019\/07\/PHOTO-2019-06-28-17-53-05-333x250.jpg 333w\" sizes=\"(max-width: 662px) 100vw, 662px\" \/><\/a><\/p>\n<p>Es war eine Affenhitze<\/p>\n<p><a href=\"http:\/\/knoeppel.ch\/WordPress\/wp-content\/uploads\/2019\/07\/PHOTO-2019-06-28-21-06-57.jpg\"><img loading=\"lazy\" decoding=\"async\" class=\"alignnone size-large wp-image-414\" src=\"http:\/\/knoeppel.ch\/WordPress\/wp-content\/uploads\/2019\/07\/PHOTO-2019-06-28-21-06-57-1024x406.jpg\" alt=\"\" width=\"662\" height=\"262\" srcset=\"https:\/\/knoeppel.ch\/WordPress\/wp-content\/uploads\/2019\/07\/PHOTO-2019-06-28-21-06-57-1024x406.jpg 1024w, https:\/\/knoeppel.ch\/WordPress\/wp-content\/uploads\/2019\/07\/PHOTO-2019-06-28-21-06-57-300x119.jpg 300w, https:\/\/knoeppel.ch\/WordPress\/wp-content\/uploads\/2019\/07\/PHOTO-2019-06-28-21-06-57-768x305.jpg 768w, https:\/\/knoeppel.ch\/WordPress\/wp-content\/uploads\/2019\/07\/PHOTO-2019-06-28-21-06-57-1216x483.jpg 1216w, https:\/\/knoeppel.ch\/WordPress\/wp-content\/uploads\/2019\/07\/PHOTO-2019-06-28-21-06-57-630x250.jpg 630w, https:\/\/knoeppel.ch\/WordPress\/wp-content\/uploads\/2019\/07\/PHOTO-2019-06-28-21-06-57.jpg 1920w\" sizes=\"(max-width: 662px) 100vw, 662px\" \/><\/a><\/p>\n<p>Nach dem Konzert hat SRF 58 Grad auf der B\u00fchne gemessen. Das klingt aus meiner Sicht nicht \u00fcbertrieben. Aber rocken, schreien und schwitzen ist sowieso das einzige, was wir k\u00f6nnen&#8230;<\/p>\n<p><a href=\"http:\/\/knoeppel.ch\/WordPress\/wp-content\/uploads\/2019\/07\/PHOTO-2019-06-28-20-12-04.jpg\"><img loading=\"lazy\" decoding=\"async\" class=\"alignnone size-large wp-image-417\" src=\"http:\/\/knoeppel.ch\/WordPress\/wp-content\/uploads\/2019\/07\/PHOTO-2019-06-28-20-12-04-1024x769.jpg\" alt=\"\" width=\"662\" height=\"497\" srcset=\"https:\/\/knoeppel.ch\/WordPress\/wp-content\/uploads\/2019\/07\/PHOTO-2019-06-28-20-12-04-1024x769.jpg 1024w, https:\/\/knoeppel.ch\/WordPress\/wp-content\/uploads\/2019\/07\/PHOTO-2019-06-28-20-12-04-300x225.jpg 300w, https:\/\/knoeppel.ch\/WordPress\/wp-content\/uploads\/2019\/07\/PHOTO-2019-06-28-20-12-04-768x577.jpg 768w, https:\/\/knoeppel.ch\/WordPress\/wp-content\/uploads\/2019\/07\/PHOTO-2019-06-28-20-12-04-480x360.jpg 480w, https:\/\/knoeppel.ch\/WordPress\/wp-content\/uploads\/2019\/07\/PHOTO-2019-06-28-20-12-04-1216x913.jpg 1216w, https:\/\/knoeppel.ch\/WordPress\/wp-content\/uploads\/2019\/07\/PHOTO-2019-06-28-20-12-04-333x250.jpg 333w, https:\/\/knoeppel.ch\/WordPress\/wp-content\/uploads\/2019\/07\/PHOTO-2019-06-28-20-12-04.jpg 1920w\" sizes=\"(max-width: 662px) 100vw, 662px\" \/><\/a><\/p>\n<p>Merci villmool allen Fans f\u00fcr den Support, dem Openair f\u00fcr die hervorragende Organisation, allen Helfern f\u00fcr die extrem entspannte und famili\u00e4re Atmosph\u00e4re hinter den Kulissen, es war uns eine Grosse Ehre, f\u00fcr Euch spielen zu d\u00fcrfen.<\/p>\n<p><a href=\"http:\/\/knoeppel.ch\/WordPress\/wp-content\/uploads\/2019\/07\/PHOTO-2019-06-29-11-19-13.jpg\"><img loading=\"lazy\" decoding=\"async\" class=\"alignnone size-large wp-image-416\" src=\"http:\/\/knoeppel.ch\/WordPress\/wp-content\/uploads\/2019\/07\/PHOTO-2019-06-29-11-19-13-1024x768.jpg\" alt=\"\" width=\"662\" height=\"497\" srcset=\"https:\/\/knoeppel.ch\/WordPress\/wp-content\/uploads\/2019\/07\/PHOTO-2019-06-29-11-19-13.jpg 1024w, https:\/\/knoeppel.ch\/WordPress\/wp-content\/uploads\/2019\/07\/PHOTO-2019-06-29-11-19-13-300x225.jpg 300w, https:\/\/knoeppel.ch\/WordPress\/wp-content\/uploads\/2019\/07\/PHOTO-2019-06-29-11-19-13-768x576.jpg 768w, https:\/\/knoeppel.ch\/WordPress\/wp-content\/uploads\/2019\/07\/PHOTO-2019-06-29-11-19-13-480x360.jpg 480w, https:\/\/knoeppel.ch\/WordPress\/wp-content\/uploads\/2019\/07\/PHOTO-2019-06-29-11-19-13-333x250.jpg 333w\" sizes=\"(max-width: 662px) 100vw, 662px\" \/><\/a><\/p>\n<p>@Zosso: Du liisch abseits!<\/p>\n","protected":false},"excerpt":{"rendered":"<p>Sommer 2019, die drei kleinen Kn\u00f6ppel-Wichser auf der grossen B\u00fchne &#8211; wobei die Bescheidenheit nat\u00fcrlich gek\u00fcnstelt ist, nat\u00fcrlich waren wir geil auf den Auftritt. &nbsp; Die B\u00fchne ist allerdings schon sehr sehr gross&#8230; Danke allen Fans f\u00fcr den freundlichen Empfang! Es war eine Affenhitze Nach dem Konzert hat SRF 58 Grad auf der B\u00fchne gemessen.&hellip;<a href=\"https:\/\/knoeppel.ch\/?p=408\" class=\"button\">Weiterlesen <span class=\"screen-reader-text\">28.06.2019 &#8211; OpenAir<\/span><\/a><\/p>\n","protected":false},"author":1,"featured_media":0,"comment_status":"closed","ping_status":"open","sticky":false,"template":"","format":"standard","meta":{"jetpack_post_was_ever_published":false,"_jetpack_newsletter_access":"","_jetpack_newsletter_tier_id":0,"footnotes":"","jetpack_publicize_message":"","jetpack_is_tweetstorm":false,"jetpack_publicize_feature_enabled":true,"jetpack_social_post_already_shared":true,"jetpack_social_options":{"image_generator_settings":{"template":"highway","enabled":false}}},"categories":[1],"tags":[],"jetpack_publicize_connections":[],"jetpack_featured_media_url":"","jetpack_sharing_enabled":true,"jetpack_shortlink":"https:\/\/wp.me\/p8nSDI-6A","_links":{"self":[{"href":"https:\/\/knoeppel.ch\/index.php?rest_route=\/wp\/v2\/posts\/408"}],"collection":[{"href":"https:\/\/knoeppel.ch\/index.php?rest_route=\/wp\/v2\/posts"}],"about":[{"href":"https:\/\/knoeppel.ch\/index.php?rest_route=\/wp\/v2\/types\/post"}],"author":[{"embeddable":true,"href":"https:\/\/knoeppel.ch\/index.php?rest_route=\/wp\/v2\/users\/1"}],"replies":[{"embeddable":true,"href":"https:\/\/knoeppel.ch\/index.php?rest_route=%2Fwp%2Fv2%2Fcomments&post=408"}],"version-history":[{"count":3,"href":"https:\/\/knoeppel.ch\/index.php?rest_route=\/wp\/v2\/posts\/408\/revisions"}],"predecessor-version":[{"id":419,"href":"https:\/\/knoeppel.ch\/index.php?rest_route=\/wp\/v2\/posts\/408\/revisions\/419"}],"wp:attachment":[{"href":"https:\/\/knoeppel.ch\/index.php?rest_route=%2Fwp%2Fv2%2Fmedia&parent=408"}],"wp:term":[{"taxonomy":"category","embeddable":true,"href":"https:\/\/knoeppel.ch\/index.php?rest_route=%2Fwp%2Fv2%2Fcategories&post=408"},{"taxonomy":"post_tag","embeddable":true,"href":"https:\/\/knoeppel.ch\/index.php?rest_route=%2Fwp%2Fv2%2Ftags&post=408"}],"curies":[{"name":"wp","href":"https:\/\/api.w.org\/{rel}","templated":true}]}}