{"id":373,"date":"2018-08-23T20:12:23","date_gmt":"2018-08-23T20:12:23","guid":{"rendered":"http:\/\/knoeppel.ch\/?p=373"},"modified":"2018-09-17T20:13:04","modified_gmt":"2018-09-17T20:13:04","slug":"373","status":"publish","type":"post","link":"https:\/\/knoeppel.ch\/?p=373","title":{"rendered":"14.09.2018 \u2013 Le Romandie Lausanne (Label Suisse Festival)"},"content":{"rendered":"<p>Salut les branleurs!<\/p>\n<p>C&#8217;est avec un \u00e9norme plaisir que nous annon\u00e7ons notre premier (et peut-\u00eatre dernier) concert en Suisse Romande. Dans le cadre du festival &#8222;Label Suisse&#8220; on a la grande honneur de jouer au club &#8222;Le Romandie&#8220; le Vendredi 14.09. \u00e0 Lausanne. Mais putain, c&#8217;est dur d&#8217;\u00e9crire ses textes promo en fran\u00e7ais, alors je m&#8217;arr\u00eate gentillement.<\/p>\n<p>Quelques informations encore: Notre concert est pr\u00e9vu pour 21:30 &#8211; 22:30, et vu que le programme du festival\u00a0sera publi\u00e9 le 29.08. je ne peux actuellement pas encore dire si il-y-aura encore des autres groupes ce soir l\u00e0. Mais je pense que oui, et je dirais que c&#8217;est probablement gratuit.<\/p>\n<p>Voil\u00e0 le lien du festival:\u00a0<a href=\"https:\/\/labelsuisse.ch\/\">https:\/\/labelsuisse.ch\/<\/a><\/p>\n<p>&nbsp;<\/p>\n<p><strong>Update von nach dem Konzert:\u00a0<\/strong><\/p>\n<p>Also ein Bisschen die Hosen voll hab ich schon gehabt, vor meinem ersten Auftritt in der Voll-Romandie. Nicht ganz einfach, wenn man sich auf die musikalischen Qualit\u00e4ten verlassen muss und gleichzeitig Kn\u00f6ppel heisst. Hatten aber letztenendes viel Spass und einen tollen Abend &#8211; viele Konzerte hab ich nicht gesehen, aber die, die ich gesehen hab, haben mich ein Bitzli stolz gemacht, bei der CH-Szene dazugeh\u00f6ren zu d\u00fcrfen: Merci <a href=\"http:\/\/www.mattiu-defuns.ch\">Mattiu Defuns<\/a>, <a href=\"https:\/\/mx3.ch\/ktgorique\">KT Gorique<\/a>, <a href=\"https:\/\/www.zealandardor.com\">Zeal &amp; Ardor<\/a> und allen Bands, die ich verpasst hab!<\/p>\n","protected":false},"excerpt":{"rendered":"<p>Salut les branleurs! C&#8217;est avec un \u00e9norme plaisir que nous annon\u00e7ons notre premier (et peut-\u00eatre dernier) concert en Suisse Romande. Dans le cadre du festival &#8222;Label Suisse&#8220; on a la grande honneur de jouer au club &#8222;Le Romandie&#8220; le Vendredi 14.09. \u00e0 Lausanne. Mais putain, c&#8217;est dur d&#8217;\u00e9crire ses textes promo en fran\u00e7ais, alors je&hellip;<a href=\"https:\/\/knoeppel.ch\/?p=373\" class=\"button\">Weiterlesen <span class=\"screen-reader-text\">14.09.2018 \u2013 Le Romandie Lausanne (Label Suisse Festival)<\/span><\/a><\/p>\n","protected":false},"author":1,"featured_media":0,"comment_status":"closed","ping_status":"open","sticky":false,"template":"","format":"standard","meta":{"jetpack_post_was_ever_published":false,"_jetpack_newsletter_access":"","_jetpack_newsletter_tier_id":0,"footnotes":"","jetpack_publicize_message":"","jetpack_is_tweetstorm":false,"jetpack_publicize_feature_enabled":true,"jetpack_social_post_already_shared":true,"jetpack_social_options":{"image_generator_settings":{"template":"highway","enabled":false}}},"categories":[7],"tags":[],"jetpack_publicize_connections":[],"jetpack_featured_media_url":"","jetpack_sharing_enabled":true,"jetpack_shortlink":"https:\/\/wp.me\/s8nSDI-373","_links":{"self":[{"href":"https:\/\/knoeppel.ch\/index.php?rest_route=\/wp\/v2\/posts\/373"}],"collection":[{"href":"https:\/\/knoeppel.ch\/index.php?rest_route=\/wp\/v2\/posts"}],"about":[{"href":"https:\/\/knoeppel.ch\/index.php?rest_route=\/wp\/v2\/types\/post"}],"author":[{"embeddable":true,"href":"https:\/\/knoeppel.ch\/index.php?rest_route=\/wp\/v2\/users\/1"}],"replies":[{"embeddable":true,"href":"https:\/\/knoeppel.ch\/index.php?rest_route=%2Fwp%2Fv2%2Fcomments&post=373"}],"version-history":[{"count":4,"href":"https:\/\/knoeppel.ch\/index.php?rest_route=\/wp\/v2\/posts\/373\/revisions"}],"predecessor-version":[{"id":382,"href":"https:\/\/knoeppel.ch\/index.php?rest_route=\/wp\/v2\/posts\/373\/revisions\/382"}],"wp:attachment":[{"href":"https:\/\/knoeppel.ch\/index.php?rest_route=%2Fwp%2Fv2%2Fmedia&parent=373"}],"wp:term":[{"taxonomy":"category","embeddable":true,"href":"https:\/\/knoeppel.ch\/index.php?rest_route=%2Fwp%2Fv2%2Fcategories&post=373"},{"taxonomy":"post_tag","embeddable":true,"href":"https:\/\/knoeppel.ch\/index.php?rest_route=%2Fwp%2Fv2%2Ftags&post=373"}],"curies":[{"name":"wp","href":"https:\/\/api.w.org\/{rel}","templated":true}]}}