{"id":290,"date":"2017-08-23T14:00:33","date_gmt":"2017-08-23T14:00:33","guid":{"rendered":"http:\/\/knoeppel.ch\/?p=290"},"modified":"2018-06-13T07:59:24","modified_gmt":"2018-06-13T07:59:24","slug":"24-11-2017-royal-baden","status":"publish","type":"post","link":"https:\/\/knoeppel.ch\/?p=290","title":{"rendered":"24.11.2017 Royal Baden"},"content":{"rendered":"<p>Und hier kommt der letzte Termin f\u00fcr 2017 &#8211; also der letzte, der bekanntgegeben wird &#8211; nach Konzertdatum ist es der drittletzte. Das ist aber eigentlich nur wichtig f\u00fcr die, die alle Konzerte anschauen kommen und sich Gedanken \u00fcber die Reihenfolge der Konzerte machen. F\u00fcr alle andern sind Ort und Datum viel wichtiger, aber das steht ja schon oben im Titel.<\/p>\n<p>Wir sind froh, dass es mit dem Royal jetzt noch geklappt hat, die Zukunft dieses Lokals steht leider noch in den Sternen, das Royal w\u00fcrde sich aber im Fall mega \u00fcber Spendenzusagen freuen:<\/p>\n<p><a href=\"http:\/\/www.royalbaden.ch\/\">http:\/\/www.royalbaden.ch\/<\/a><\/p>\n<p>&nbsp;<\/p>\n<p>Nachtrag: Bei &#8222;Mittelohrentz\u00fcndig&#8220; hat&#8217;s noch einen kleinen Unfall gegeben, da muss isch schon noch kurz pl\u00f6ffen damit. Merci allen, die in Sorge waren um mein Gebiss:<\/p>\n<p><a href=\"http:\/\/knoeppel.ch\/WordPress\/wp-content\/uploads\/2017\/08\/2017-11-25_Zahn_am_Freitag.jpeg\"><img loading=\"lazy\" decoding=\"async\" class=\"alignnone size-large wp-image-312\" src=\"http:\/\/knoeppel.ch\/WordPress\/wp-content\/uploads\/2017\/08\/2017-11-25_Zahn_am_Freitag-1024x768.jpeg\" alt=\"\" width=\"662\" height=\"497\" srcset=\"https:\/\/knoeppel.ch\/WordPress\/wp-content\/uploads\/2017\/08\/2017-11-25_Zahn_am_Freitag-1024x768.jpeg 1024w, https:\/\/knoeppel.ch\/WordPress\/wp-content\/uploads\/2017\/08\/2017-11-25_Zahn_am_Freitag-300x225.jpeg 300w, https:\/\/knoeppel.ch\/WordPress\/wp-content\/uploads\/2017\/08\/2017-11-25_Zahn_am_Freitag-768x576.jpeg 768w, https:\/\/knoeppel.ch\/WordPress\/wp-content\/uploads\/2017\/08\/2017-11-25_Zahn_am_Freitag-480x360.jpeg 480w, https:\/\/knoeppel.ch\/WordPress\/wp-content\/uploads\/2017\/08\/2017-11-25_Zahn_am_Freitag-1216x912.jpeg 1216w, https:\/\/knoeppel.ch\/WordPress\/wp-content\/uploads\/2017\/08\/2017-11-25_Zahn_am_Freitag-333x250.jpeg 333w, https:\/\/knoeppel.ch\/WordPress\/wp-content\/uploads\/2017\/08\/2017-11-25_Zahn_am_Freitag.jpeg 2048w\" sizes=\"(max-width: 662px) 100vw, 662px\" \/><\/a><\/p>\n<p>Am Samstagnachmittag war das schon gefixt, gottseidank. So ein abgebrochener Zahn f\u00fchlt sich irgendwie an wie ein kaputtes iPhone-Display. Mal schauen, was die Reparatur gekostet haben wird,\u00a0m\u00f6glicherweise gar nicht so viel teurer als letzteres.<\/p>\n<p><a href=\"http:\/\/knoeppel.ch\/WordPress\/wp-content\/uploads\/2017\/08\/2017-11-25_Zahn_am_Samstag.jpeg\"><img loading=\"lazy\" decoding=\"async\" class=\"alignnone size-large wp-image-313\" src=\"http:\/\/knoeppel.ch\/WordPress\/wp-content\/uploads\/2017\/08\/2017-11-25_Zahn_am_Samstag-1024x768.jpeg\" alt=\"\" width=\"662\" height=\"497\" srcset=\"https:\/\/knoeppel.ch\/WordPress\/wp-content\/uploads\/2017\/08\/2017-11-25_Zahn_am_Samstag-1024x768.jpeg 1024w, https:\/\/knoeppel.ch\/WordPress\/wp-content\/uploads\/2017\/08\/2017-11-25_Zahn_am_Samstag-300x225.jpeg 300w, https:\/\/knoeppel.ch\/WordPress\/wp-content\/uploads\/2017\/08\/2017-11-25_Zahn_am_Samstag-768x576.jpeg 768w, https:\/\/knoeppel.ch\/WordPress\/wp-content\/uploads\/2017\/08\/2017-11-25_Zahn_am_Samstag-480x360.jpeg 480w, https:\/\/knoeppel.ch\/WordPress\/wp-content\/uploads\/2017\/08\/2017-11-25_Zahn_am_Samstag-1216x912.jpeg 1216w, https:\/\/knoeppel.ch\/WordPress\/wp-content\/uploads\/2017\/08\/2017-11-25_Zahn_am_Samstag-333x250.jpeg 333w, https:\/\/knoeppel.ch\/WordPress\/wp-content\/uploads\/2017\/08\/2017-11-25_Zahn_am_Samstag.jpeg 1280w\" sizes=\"(max-width: 662px) 100vw, 662px\" \/><\/a><\/p>\n<p>Merci aber auf jeden Fall f\u00fcr den wie immer freundlichen Empfang<\/p>\n<p><a href=\"http:\/\/knoeppel.ch\/WordPress\/wp-content\/uploads\/2017\/08\/2017-11-25_Publikum1.jpeg\"><img loading=\"lazy\" decoding=\"async\" class=\"alignnone size-large wp-image-314\" src=\"http:\/\/knoeppel.ch\/WordPress\/wp-content\/uploads\/2017\/08\/2017-11-25_Publikum1-1024x768.jpeg\" alt=\"\" width=\"662\" height=\"497\" srcset=\"https:\/\/knoeppel.ch\/WordPress\/wp-content\/uploads\/2017\/08\/2017-11-25_Publikum1-1024x768.jpeg 1024w, https:\/\/knoeppel.ch\/WordPress\/wp-content\/uploads\/2017\/08\/2017-11-25_Publikum1-300x225.jpeg 300w, https:\/\/knoeppel.ch\/WordPress\/wp-content\/uploads\/2017\/08\/2017-11-25_Publikum1-768x576.jpeg 768w, https:\/\/knoeppel.ch\/WordPress\/wp-content\/uploads\/2017\/08\/2017-11-25_Publikum1-480x360.jpeg 480w, https:\/\/knoeppel.ch\/WordPress\/wp-content\/uploads\/2017\/08\/2017-11-25_Publikum1-1216x912.jpeg 1216w, https:\/\/knoeppel.ch\/WordPress\/wp-content\/uploads\/2017\/08\/2017-11-25_Publikum1-333x250.jpeg 333w, https:\/\/knoeppel.ch\/WordPress\/wp-content\/uploads\/2017\/08\/2017-11-25_Publikum1.jpeg 2048w\" sizes=\"(max-width: 662px) 100vw, 662px\" \/><\/a><\/p>\n<p>(in der Mitte im oberen Bild das Corpus Delicti, Sure Beta58A, h\u00e4rter als Zahnschmelz)<\/p>\n<p><a href=\"http:\/\/knoeppel.ch\/WordPress\/wp-content\/uploads\/2017\/08\/2017-11-25_Publikum2.jpeg\"><img loading=\"lazy\" decoding=\"async\" class=\"alignnone size-large wp-image-315\" src=\"http:\/\/knoeppel.ch\/WordPress\/wp-content\/uploads\/2017\/08\/2017-11-25_Publikum2-1024x768.jpeg\" alt=\"\" width=\"662\" height=\"497\" srcset=\"https:\/\/knoeppel.ch\/WordPress\/wp-content\/uploads\/2017\/08\/2017-11-25_Publikum2-1024x768.jpeg 1024w, https:\/\/knoeppel.ch\/WordPress\/wp-content\/uploads\/2017\/08\/2017-11-25_Publikum2-300x225.jpeg 300w, https:\/\/knoeppel.ch\/WordPress\/wp-content\/uploads\/2017\/08\/2017-11-25_Publikum2-768x576.jpeg 768w, https:\/\/knoeppel.ch\/WordPress\/wp-content\/uploads\/2017\/08\/2017-11-25_Publikum2-480x360.jpeg 480w, https:\/\/knoeppel.ch\/WordPress\/wp-content\/uploads\/2017\/08\/2017-11-25_Publikum2-1216x912.jpeg 1216w, https:\/\/knoeppel.ch\/WordPress\/wp-content\/uploads\/2017\/08\/2017-11-25_Publikum2-333x250.jpeg 333w, https:\/\/knoeppel.ch\/WordPress\/wp-content\/uploads\/2017\/08\/2017-11-25_Publikum2.jpeg 2048w\" sizes=\"(max-width: 662px) 100vw, 662px\" \/><\/a><\/p>\n<p>Gruss zur\u00fcck, bis zum n\u00e4chsten Mal!<\/p>\n<p><a href=\"http:\/\/knoeppel.ch\/WordPress\/wp-content\/uploads\/2017\/08\/2017-11-25_Gruss_zurueck.jpeg\"><img loading=\"lazy\" decoding=\"async\" class=\"alignnone size-large wp-image-316\" src=\"http:\/\/knoeppel.ch\/WordPress\/wp-content\/uploads\/2017\/08\/2017-11-25_Gruss_zurueck-1024x768.jpeg\" alt=\"\" width=\"662\" height=\"497\" srcset=\"https:\/\/knoeppel.ch\/WordPress\/wp-content\/uploads\/2017\/08\/2017-11-25_Gruss_zurueck-1024x768.jpeg 1024w, https:\/\/knoeppel.ch\/WordPress\/wp-content\/uploads\/2017\/08\/2017-11-25_Gruss_zurueck-300x225.jpeg 300w, https:\/\/knoeppel.ch\/WordPress\/wp-content\/uploads\/2017\/08\/2017-11-25_Gruss_zurueck-768x576.jpeg 768w, https:\/\/knoeppel.ch\/WordPress\/wp-content\/uploads\/2017\/08\/2017-11-25_Gruss_zurueck-480x360.jpeg 480w, https:\/\/knoeppel.ch\/WordPress\/wp-content\/uploads\/2017\/08\/2017-11-25_Gruss_zurueck-1216x912.jpeg 1216w, https:\/\/knoeppel.ch\/WordPress\/wp-content\/uploads\/2017\/08\/2017-11-25_Gruss_zurueck-333x250.jpeg 333w, https:\/\/knoeppel.ch\/WordPress\/wp-content\/uploads\/2017\/08\/2017-11-25_Gruss_zurueck.jpeg 1280w\" sizes=\"(max-width: 662px) 100vw, 662px\" \/><\/a><\/p>\n","protected":false},"excerpt":{"rendered":"<p>Und hier kommt der letzte Termin f\u00fcr 2017 &#8211; also der letzte, der bekanntgegeben wird &#8211; nach Konzertdatum ist es der drittletzte. Das ist aber eigentlich nur wichtig f\u00fcr die, die alle Konzerte anschauen kommen und sich Gedanken \u00fcber die Reihenfolge der Konzerte machen. F\u00fcr alle andern sind Ort und Datum viel wichtiger, aber das&hellip;<a href=\"https:\/\/knoeppel.ch\/?p=290\" class=\"button\">Weiterlesen <span class=\"screen-reader-text\">24.11.2017 Royal Baden<\/span><\/a><\/p>\n","protected":false},"author":1,"featured_media":0,"comment_status":"closed","ping_status":"open","sticky":false,"template":"","format":"standard","meta":{"jetpack_post_was_ever_published":false,"_jetpack_newsletter_access":"","_jetpack_newsletter_tier_id":0,"footnotes":"","jetpack_publicize_message":"","jetpack_is_tweetstorm":false,"jetpack_publicize_feature_enabled":true,"jetpack_social_post_already_shared":true,"jetpack_social_options":{"image_generator_settings":{"template":"highway","enabled":false}}},"categories":[7],"tags":[],"jetpack_publicize_connections":[],"jetpack_featured_media_url":"","jetpack_sharing_enabled":true,"jetpack_shortlink":"https:\/\/wp.me\/p8nSDI-4G","_links":{"self":[{"href":"https:\/\/knoeppel.ch\/index.php?rest_route=\/wp\/v2\/posts\/290"}],"collection":[{"href":"https:\/\/knoeppel.ch\/index.php?rest_route=\/wp\/v2\/posts"}],"about":[{"href":"https:\/\/knoeppel.ch\/index.php?rest_route=\/wp\/v2\/types\/post"}],"author":[{"embeddable":true,"href":"https:\/\/knoeppel.ch\/index.php?rest_route=\/wp\/v2\/users\/1"}],"replies":[{"embeddable":true,"href":"https:\/\/knoeppel.ch\/index.php?rest_route=%2Fwp%2Fv2%2Fcomments&post=290"}],"version-history":[{"count":3,"href":"https:\/\/knoeppel.ch\/index.php?rest_route=\/wp\/v2\/posts\/290\/revisions"}],"predecessor-version":[{"id":317,"href":"https:\/\/knoeppel.ch\/index.php?rest_route=\/wp\/v2\/posts\/290\/revisions\/317"}],"wp:attachment":[{"href":"https:\/\/knoeppel.ch\/index.php?rest_route=%2Fwp%2Fv2%2Fmedia&parent=290"}],"wp:term":[{"taxonomy":"category","embeddable":true,"href":"https:\/\/knoeppel.ch\/index.php?rest_route=%2Fwp%2Fv2%2Fcategories&post=290"},{"taxonomy":"post_tag","embeddable":true,"href":"https:\/\/knoeppel.ch\/index.php?rest_route=%2Fwp%2Fv2%2Ftags&post=290"}],"curies":[{"name":"wp","href":"https:\/\/api.w.org\/{rel}","templated":true}]}}