{"id":236,"date":"2017-03-13T08:40:39","date_gmt":"2017-03-13T08:40:39","guid":{"rendered":"http:\/\/knoeppel.ch\/?p=236"},"modified":"2017-08-23T14:06:01","modified_gmt":"2017-08-23T14:06:01","slug":"knoeppel-am-openair","status":"publish","type":"post","link":"https:\/\/knoeppel.ch\/?p=236","title":{"rendered":"Kn\u00f6ppel am OpenAir!"},"content":{"rendered":"<p>So, jetzt ist eine Woche her seit dem OpenAir, bei mir ist das immer so wie ein Kater, da brauch ich etwas Abstand, aber jetzt ist es mal an der Zeit f\u00fcr ein dickes Dankesch\u00f6n an alle, die das m\u00f6glich gemacht haben: Joni, der das eingef\u00e4delt hat, Duex, der uns empfohlen hat, Christoph und das Team vom OpenAir, die dran geglaubt haben, Mich, der uns mixt wenn&#8217;s wichtig ist, Marc und Zosso nat\u00fcrlich, meine fantastische Band, und ganz ganz gross allen Fans, die alle extra fr\u00fch aufgestanden sind, um uns mit toller Stimmung zu versorgen!<\/p>\n<p>Merci auch allen, die einen Beitrag \u00fcber uns gemacht haben, ohne Anspruch auf Vollst\u00e4ndigkeit:<\/p>\n<ul>\n<li><a href=\"http:\/\/www.fm1today.ch\/rocknroll-ehr-wixxer\/528360\">FM1: &#8222;Rock&#8217;n&#8217;Roll ehr Wixxer!&#8220;<\/a><\/li>\n<li><a href=\"http:\/\/www.tvo-online.ch\/mediasicht\/53202\">TVO in der Sondersendung zum OpenAir<\/a><\/li>\n<li><a href=\"https:\/\/www.srf.ch\/play\/tv\/festivalsommer\/video\/knoeppel-dae-haett-mi-ghaue-dae-wichser-openair-st--gallen?id=f2ea3b25-114a-4163-8937-c54b669c6803\">SRF mit einer Professionellen Live-Aufnahme von &#8222;D\u00e4 h\u00e4t mi ghaue d\u00e4 Wichser&#8220;<\/a><\/li>\n<\/ul>\n<p>Hier die Stimmung bei uns<\/p>\n<p><a href=\"http:\/\/knoeppel.ch\/WordPress\/wp-content\/uploads\/2017\/03\/2017-07-01-13.35.28.jpg\"><img loading=\"lazy\" decoding=\"async\" class=\"alignnone size-large wp-image-269\" src=\"http:\/\/knoeppel.ch\/WordPress\/wp-content\/uploads\/2017\/03\/2017-07-01-13.35.28-1024x768.jpg\" alt=\"\" width=\"662\" height=\"497\" srcset=\"https:\/\/knoeppel.ch\/WordPress\/wp-content\/uploads\/2017\/03\/2017-07-01-13.35.28-1024x768.jpg 1024w, https:\/\/knoeppel.ch\/WordPress\/wp-content\/uploads\/2017\/03\/2017-07-01-13.35.28-300x225.jpg 300w, https:\/\/knoeppel.ch\/WordPress\/wp-content\/uploads\/2017\/03\/2017-07-01-13.35.28-768x576.jpg 768w, https:\/\/knoeppel.ch\/WordPress\/wp-content\/uploads\/2017\/03\/2017-07-01-13.35.28-480x360.jpg 480w, https:\/\/knoeppel.ch\/WordPress\/wp-content\/uploads\/2017\/03\/2017-07-01-13.35.28-1216x912.jpg 1216w, https:\/\/knoeppel.ch\/WordPress\/wp-content\/uploads\/2017\/03\/2017-07-01-13.35.28-333x250.jpg 333w\" sizes=\"(max-width: 662px) 100vw, 662px\" \/><\/a><\/p>\n<p>Hier zum Vergleich das Coachella-Festival in Kalifornien<\/p>\n<p><a href=\"http:\/\/knoeppel.ch\/WordPress\/wp-content\/uploads\/2017\/03\/coachella.jpg\"><img loading=\"lazy\" decoding=\"async\" class=\"size-large wp-image-271\" src=\"http:\/\/knoeppel.ch\/WordPress\/wp-content\/uploads\/2017\/03\/coachella-1024x692.jpg\" alt=\"\" width=\"662\" height=\"447\" srcset=\"https:\/\/knoeppel.ch\/WordPress\/wp-content\/uploads\/2017\/03\/coachella-1024x692.jpg 1024w, https:\/\/knoeppel.ch\/WordPress\/wp-content\/uploads\/2017\/03\/coachella-300x203.jpg 300w, https:\/\/knoeppel.ch\/WordPress\/wp-content\/uploads\/2017\/03\/coachella-768x519.jpg 768w, https:\/\/knoeppel.ch\/WordPress\/wp-content\/uploads\/2017\/03\/coachella-1216x822.jpg 1216w, https:\/\/knoeppel.ch\/WordPress\/wp-content\/uploads\/2017\/03\/coachella-370x250.jpg 370w, https:\/\/knoeppel.ch\/WordPress\/wp-content\/uploads\/2017\/03\/coachella.jpg 2048w\" sizes=\"(max-width: 662px) 100vw, 662px\" \/><\/a><\/p>\n<p>Da\u00a0lob ich mir Schlammgallen (Kn\u00f6ppel TV &#8211; merci Joni f\u00fcr das Video!)<\/p>\n<div class=\"jetpack-video-wrapper\"><span class=\"embed-youtube\" style=\"text-align:center; display: block;\"><iframe loading=\"lazy\" class=\"youtube-player\" width=\"662\" height=\"373\" src=\"https:\/\/www.youtube.com\/embed\/qRuxB--zhow?version=3&#038;rel=1&#038;showsearch=0&#038;showinfo=1&#038;iv_load_policy=1&#038;fs=1&#038;hl=de-DE&#038;autohide=2&#038;wmode=transparent\" allowfullscreen=\"true\" style=\"border:0;\" sandbox=\"allow-scripts allow-same-origin allow-popups allow-presentation allow-popups-to-escape-sandbox\"><\/iframe><\/span><\/div>\n<p>&nbsp;<\/p>\n<p>Auch wenn eine Viertelstunde vor dem Konzert noch nicht ganz so viel los war.<\/p>\n<p><a href=\"http:\/\/knoeppel.ch\/WordPress\/wp-content\/uploads\/2017\/03\/2017-07-01-11.46.51.jpg\"><img loading=\"lazy\" decoding=\"async\" class=\"alignnone size-large wp-image-273\" src=\"http:\/\/knoeppel.ch\/WordPress\/wp-content\/uploads\/2017\/03\/2017-07-01-11.46.51-1024x768.jpg\" alt=\"\" width=\"662\" height=\"497\" srcset=\"https:\/\/knoeppel.ch\/WordPress\/wp-content\/uploads\/2017\/03\/2017-07-01-11.46.51-1024x768.jpg 1024w, https:\/\/knoeppel.ch\/WordPress\/wp-content\/uploads\/2017\/03\/2017-07-01-11.46.51-300x225.jpg 300w, https:\/\/knoeppel.ch\/WordPress\/wp-content\/uploads\/2017\/03\/2017-07-01-11.46.51-768x576.jpg 768w, https:\/\/knoeppel.ch\/WordPress\/wp-content\/uploads\/2017\/03\/2017-07-01-11.46.51-480x360.jpg 480w, https:\/\/knoeppel.ch\/WordPress\/wp-content\/uploads\/2017\/03\/2017-07-01-11.46.51-1216x912.jpg 1216w, https:\/\/knoeppel.ch\/WordPress\/wp-content\/uploads\/2017\/03\/2017-07-01-11.46.51-333x250.jpg 333w\" sizes=\"(max-width: 662px) 100vw, 662px\" \/><\/a><\/p>\n<p>&nbsp;<\/p>\n<p>&nbsp;<\/p>\n<p>&nbsp;<\/p>\n<p>&nbsp;<\/p>\n<p>Jetzt hab ich es mit meinen eigenen Augen gelesen, jetzt glaub ich&#8217;s selber auch: Kn\u00f6ppel spielen am Openair! Also, nicht an <strong>einem<\/strong> Openair, sondern an <strong>dem<\/strong> Openair.<\/p>\n<p>SAMSTAG 01. Juli 2017, 12:45, STERNENB\u00dcHNE<\/p>\n<p><a href=\"http:\/\/www.openairsg.ch\/artists\/knoeppel\/\">http:\/\/www.openairsg.ch\/artists\/knoeppel\/<\/a><\/p>\n<p>Grosser Dank an unsere\u00a0Crew und ansOpenair, ist uns eine riesen Ehre!<\/p>\n","protected":false},"excerpt":{"rendered":"<p>So, jetzt ist eine Woche her seit dem OpenAir, bei mir ist das immer so wie ein Kater, da brauch ich etwas Abstand, aber jetzt ist es mal an der Zeit f\u00fcr ein dickes Dankesch\u00f6n an alle, die das m\u00f6glich gemacht haben: Joni, der das eingef\u00e4delt hat, Duex, der uns empfohlen hat, Christoph und das&hellip;<a href=\"https:\/\/knoeppel.ch\/?p=236\" class=\"button\">Weiterlesen <span class=\"screen-reader-text\">Kn\u00f6ppel am OpenAir!<\/span><\/a><\/p>\n","protected":false},"author":1,"featured_media":0,"comment_status":"closed","ping_status":"open","sticky":false,"template":"","format":"standard","meta":{"jetpack_post_was_ever_published":false,"_jetpack_newsletter_access":"","_jetpack_newsletter_tier_id":0,"footnotes":"","jetpack_publicize_message":"","jetpack_is_tweetstorm":false,"jetpack_publicize_feature_enabled":true,"jetpack_social_post_already_shared":true,"jetpack_social_options":{"image_generator_settings":{"template":"highway","enabled":false}}},"categories":[4,7,3],"tags":[],"jetpack_publicize_connections":[],"jetpack_featured_media_url":"","jetpack_sharing_enabled":true,"jetpack_shortlink":"https:\/\/wp.me\/p8nSDI-3O","_links":{"self":[{"href":"https:\/\/knoeppel.ch\/index.php?rest_route=\/wp\/v2\/posts\/236"}],"collection":[{"href":"https:\/\/knoeppel.ch\/index.php?rest_route=\/wp\/v2\/posts"}],"about":[{"href":"https:\/\/knoeppel.ch\/index.php?rest_route=\/wp\/v2\/types\/post"}],"author":[{"embeddable":true,"href":"https:\/\/knoeppel.ch\/index.php?rest_route=\/wp\/v2\/users\/1"}],"replies":[{"embeddable":true,"href":"https:\/\/knoeppel.ch\/index.php?rest_route=%2Fwp%2Fv2%2Fcomments&post=236"}],"version-history":[{"count":8,"href":"https:\/\/knoeppel.ch\/index.php?rest_route=\/wp\/v2\/posts\/236\/revisions"}],"predecessor-version":[{"id":294,"href":"https:\/\/knoeppel.ch\/index.php?rest_route=\/wp\/v2\/posts\/236\/revisions\/294"}],"wp:attachment":[{"href":"https:\/\/knoeppel.ch\/index.php?rest_route=%2Fwp%2Fv2%2Fmedia&parent=236"}],"wp:term":[{"taxonomy":"category","embeddable":true,"href":"https:\/\/knoeppel.ch\/index.php?rest_route=%2Fwp%2Fv2%2Fcategories&post=236"},{"taxonomy":"post_tag","embeddable":true,"href":"https:\/\/knoeppel.ch\/index.php?rest_route=%2Fwp%2Fv2%2Ftags&post=236"}],"curies":[{"name":"wp","href":"https:\/\/api.w.org\/{rel}","templated":true}]}}